{"id":148,"date":"2020-09-25T12:59:22","date_gmt":"2020-09-25T10:59:22","guid":{"rendered":"http:\/\/www.vanhoff.be\/?p=148"},"modified":"2020-10-04T16:01:56","modified_gmt":"2020-10-04T14:01:56","slug":"le-cas-de-septembre","status":"publish","type":"post","link":"https:\/\/www.vanhoff.be\/index.php\/2020\/09\/25\/le-cas-de-septembre\/","title":{"rendered":"Septembre"},"content":{"rendered":"\r\n<p><strong>CERISE <\/strong>: Chihuahua femelle, 7 ans, 3,5kg, st\u00e9rilis\u00e9e.<\/p>\r\n\r\n\r\n\r\n<p>Confront\u00e9e r\u00e9guli\u00e8rement \u00e0 une abc\u00e9dation s\u00e9v\u00e8re des glandes anales, Cerise est op\u00e9r\u00e9e ce mardi. L&rsquo;ablation des glandes est r\u00e9alis\u00e9e sous anesth\u00e9sie par voie syst\u00e9mique (propofol +fentanyl) et gazeuse (O2 + Isoflurane) sans risque, ni douleur pour la petite patiente d\u00e9j\u00e0 \u00e2g\u00e9e.<\/p>\r\n\r\n\r\n\r\n<div class=\"alignnormal\"><div id=\"metaslider-id-404\" style=\"width: 100%;\" class=\"ml-slider-3-18-2 metaslider metaslider-nivo metaslider-404 ml-slider\">\n    <div id=\"metaslider_container_404\">\n        <div class='slider-wrapper theme-default'><div class='ribbon'><\/div><div id='metaslider_404' class='nivoSlider'><img src=\"https:\/\/www.vanhoff.be\/wp-content\/uploads\/2020\/09\/IMG_20200922_093838-scaled-600x350.jpg\" height=\"350\" width=\"600\" title=\"IMG_20200922_093838\" alt=\"\" class=\"slider-404 slide-405\" \/><img src=\"https:\/\/www.vanhoff.be\/wp-content\/uploads\/2020\/09\/IMG_20200921_181633-scaled-600x350.jpg\" height=\"350\" width=\"600\" title=\"IMG_20200921_181633\" alt=\"\" class=\"slider-404 slide-407\" \/><img src=\"https:\/\/www.vanhoff.be\/wp-content\/uploads\/2020\/09\/IMG_20200922_094043-scaled-600x350.jpg\" height=\"350\" width=\"600\" title=\"IMG_20200922_094043\" alt=\"\" class=\"slider-404 slide-408\" \/><img src=\"https:\/\/www.vanhoff.be\/wp-content\/uploads\/2020\/09\/IMG_20200922_095111-scaled-600x350.jpg\" height=\"350\" width=\"600\" title=\"IMG_20200922_095111\" alt=\"\" class=\"slider-404 slide-409\" \/><img src=\"https:\/\/www.vanhoff.be\/wp-content\/uploads\/2020\/09\/IMG_20200922_100243_BURST001_COVER-scaled-600x350.jpg\" height=\"350\" width=\"600\" data-caption=\"burst\" title=\"burst\" alt=\"\" class=\"slider-404 slide-410\" \/><img src=\"https:\/\/www.vanhoff.be\/wp-content\/uploads\/2020\/09\/IMG_20200922_100910-scaled-600x350.jpg\" height=\"350\" width=\"600\" title=\"IMG_20200922_100910\" alt=\"\" class=\"slider-404 slide-411\" \/><img src=\"https:\/\/www.vanhoff.be\/wp-content\/uploads\/2020\/09\/IMG_20200922_105338-scaled-600x350.jpg\" height=\"350\" width=\"600\" title=\"IMG_20200922_105338\" alt=\"\" class=\"slider-404 slide-413\" \/><img src=\"https:\/\/www.vanhoff.be\/wp-content\/uploads\/2020\/09\/IMG_20200922_112514-scaled-600x350.jpg\" height=\"350\" width=\"600\" title=\"IMG_20200922_112514\" alt=\"\" class=\"slider-404 slide-415\" \/><\/div><\/div>\n        \n    <\/div>\n<\/div><\/div>\r\n\r\n\r\n\r\n<p>&nbsp;<\/p>\r\n\r\n\r\n<hr class=\"wp-block-separator\" \/>\r\n\r\n\r\n<p>&nbsp;<\/p>\r\n\r\n\r\n\r\n<p>&nbsp;<\/p>\r\n\r\n\r\n\r\n<p><strong>GLADYS <\/strong>: Kerry blue terrier femelle de 9 ans st\u00e9rilis\u00e9e. Amen\u00e9e en urgence t\u00f4t le matin, Gladys a g\u00e9mit toute la nuit. Elle fait de la temp\u00e9rature et se l\u00e8che continuellement l&rsquo;arri\u00e8re-train. L&rsquo;examen sous s\u00e9dation des voies g\u00e9nitales r\u00e9v\u00e8le la pr\u00e9sence de nombreux asticots.<\/p>\r\n\r\n\r\n\r\n<p>Lavage et d\u00e9sinfection sous anesth\u00e9sie. Mise sous perfusion. AB et AINS.<\/p>\r\n\r\n\r\n\r\n<div class=\"wp-block-group\">\r\n<div class=\"wp-block-group__inner-container is-layout-flow wp-block-group-is-layout-flow\">\r\n<figure class=\"wp-block-gallery columns-3 is-cropped wp-block-gallery-1\">\r\n<ul class=\"blocks-gallery-grid\">\r\n<li class=\"blocks-gallery-item\">\r\n<figure><img decoding=\"async\" loading=\"lazy\" width=\"1024\" height=\"768\" class=\"wp-image-182\" src=\"http:\/\/www.vanhoff.be\/wp-content\/uploads\/2020\/09\/IMG_20200903_091959-1024x768.jpg\" alt=\"\" data-id=\"182\" data-full-url=\"http:\/\/www.vanhoff.be\/wp-content\/uploads\/2020\/09\/IMG_20200903_091959-scaled.jpg\" data-link=\"http:\/\/www.vanhoff.be\/index.php\/2020\/09\/03\/le-cas-de-septembre\/img_20200903_091959\/\" srcset=\"https:\/\/www.vanhoff.be\/wp-content\/uploads\/2020\/09\/IMG_20200903_091959-1024x768.jpg 1024w, https:\/\/www.vanhoff.be\/wp-content\/uploads\/2020\/09\/IMG_20200903_091959-300x225.jpg 300w, https:\/\/www.vanhoff.be\/wp-content\/uploads\/2020\/09\/IMG_20200903_091959-768x576.jpg 768w, https:\/\/www.vanhoff.be\/wp-content\/uploads\/2020\/09\/IMG_20200903_091959-1536x1152.jpg 1536w, https:\/\/www.vanhoff.be\/wp-content\/uploads\/2020\/09\/IMG_20200903_091959-2048x1536.jpg 2048w\" sizes=\"(max-width: 1024px) 100vw, 1024px\" \/><\/figure>\r\n<\/li>\r\n<li class=\"blocks-gallery-item\">\r\n<figure><img decoding=\"async\" loading=\"lazy\" width=\"768\" height=\"1024\" class=\"wp-image-180\" src=\"http:\/\/www.vanhoff.be\/wp-content\/uploads\/2020\/09\/IMG_20200901_183131-768x1024.jpg\" alt=\"\" data-id=\"180\" data-full-url=\"http:\/\/www.vanhoff.be\/wp-content\/uploads\/2020\/09\/IMG_20200901_183131-scaled.jpg\" data-link=\"http:\/\/www.vanhoff.be\/index.php\/2020\/09\/03\/le-cas-de-septembre\/img_20200901_183131\/\" srcset=\"https:\/\/www.vanhoff.be\/wp-content\/uploads\/2020\/09\/IMG_20200901_183131-768x1024.jpg 768w, https:\/\/www.vanhoff.be\/wp-content\/uploads\/2020\/09\/IMG_20200901_183131-225x300.jpg 225w, https:\/\/www.vanhoff.be\/wp-content\/uploads\/2020\/09\/IMG_20200901_183131-1152x1536.jpg 1152w, https:\/\/www.vanhoff.be\/wp-content\/uploads\/2020\/09\/IMG_20200901_183131-1536x2048.jpg 1536w, https:\/\/www.vanhoff.be\/wp-content\/uploads\/2020\/09\/IMG_20200901_183131-scaled.jpg 1920w\" sizes=\"(max-width: 768px) 100vw, 768px\" \/><\/figure>\r\n<\/li>\r\n<li class=\"blocks-gallery-item\">\r\n<figure><img decoding=\"async\" loading=\"lazy\" width=\"768\" height=\"1024\" class=\"wp-image-181 is-layout-flex wp-block-gallery-is-layout-flex\" src=\"http:\/\/www.vanhoff.be\/wp-content\/uploads\/2020\/09\/IMG_20200901_184650-768x1024.jpg\" alt=\"\" data-id=\"181\" data-full-url=\"http:\/\/www.vanhoff.be\/wp-content\/uploads\/2020\/09\/IMG_20200901_184650-scaled.jpg\" data-link=\"http:\/\/www.vanhoff.be\/index.php\/2020\/09\/03\/le-cas-de-septembre\/img_20200901_184650\/\" srcset=\"https:\/\/www.vanhoff.be\/wp-content\/uploads\/2020\/09\/IMG_20200901_184650-768x1024.jpg 768w, https:\/\/www.vanhoff.be\/wp-content\/uploads\/2020\/09\/IMG_20200901_184650-225x300.jpg 225w, https:\/\/www.vanhoff.be\/wp-content\/uploads\/2020\/09\/IMG_20200901_184650-1152x1536.jpg 1152w, https:\/\/www.vanhoff.be\/wp-content\/uploads\/2020\/09\/IMG_20200901_184650-1536x2048.jpg 1536w, https:\/\/www.vanhoff.be\/wp-content\/uploads\/2020\/09\/IMG_20200901_184650-scaled.jpg 1920w\" sizes=\"(max-width: 768px) 100vw, 768px\" \/><\/figure>\r\n<\/li>\r\n<\/ul>\r\n<\/figure>\r\n\r\n\r\n<hr class=\"wp-block-separator\" \/>\r\n\r\n\r\n<p><strong>LOLA<\/strong> : Mignonne petite chihuahua de 3 mois. Amen\u00e9e comateuse suite \u00e0 une chute dans les escaliers.<br \/>Hospitalis\u00e9e, elle est mise sous O2 et lampe chauffante. Une radio d\u00e9c\u00e8le un d\u00e9placement vert\u00e9bral. Une minerve est positionn\u00e9e et un traitement aux st\u00e9ro\u00efdes est d\u00e9but\u00e9.<\/p>\r\n<\/div>\r\n<\/div>\r\n\r\n\r\n\r\n<figure class=\"wp-block-gallery columns-3 is-cropped wp-block-gallery-4\">\r\n<ul class=\"blocks-gallery-grid\">\r\n<li class=\"blocks-gallery-item\">\r\n<figure><img decoding=\"async\" loading=\"lazy\" width=\"1024\" height=\"768\" class=\"wp-image-288\" src=\"http:\/\/www.vanhoff.be\/wp-content\/uploads\/2020\/09\/IMG_20200911_165350-1024x768.jpg\" alt=\"\" data-id=\"288\" data-full-url=\"http:\/\/www.vanhoff.be\/wp-content\/uploads\/2020\/09\/IMG_20200911_165350-scaled.jpg\" data-link=\"http:\/\/www.vanhoff.be\/index.php\/2020\/09\/03\/le-cas-de-septembre\/img_20200911_165350\/\" srcset=\"https:\/\/www.vanhoff.be\/wp-content\/uploads\/2020\/09\/IMG_20200911_165350-1024x768.jpg 1024w, https:\/\/www.vanhoff.be\/wp-content\/uploads\/2020\/09\/IMG_20200911_165350-300x225.jpg 300w, https:\/\/www.vanhoff.be\/wp-content\/uploads\/2020\/09\/IMG_20200911_165350-768x576.jpg 768w, https:\/\/www.vanhoff.be\/wp-content\/uploads\/2020\/09\/IMG_20200911_165350-1536x1152.jpg 1536w, https:\/\/www.vanhoff.be\/wp-content\/uploads\/2020\/09\/IMG_20200911_165350-2048x1536.jpg 2048w\" sizes=\"(max-width: 1024px) 100vw, 1024px\" \/><\/figure>\r\n<\/li>\r\n<li class=\"blocks-gallery-item\">\r\n<figure><img decoding=\"async\" loading=\"lazy\" width=\"1024\" height=\"767\" class=\"wp-image-291\" src=\"http:\/\/www.vanhoff.be\/wp-content\/uploads\/2020\/09\/IMG_20200911_171347-edited-1024x767.jpg\" alt=\"\" data-id=\"291\" data-full-url=\"http:\/\/www.vanhoff.be\/wp-content\/uploads\/2020\/09\/IMG_20200911_171347-edited-scaled.jpg\" data-link=\"http:\/\/www.vanhoff.be\/img_20200911_171347-2\/\" srcset=\"https:\/\/www.vanhoff.be\/wp-content\/uploads\/2020\/09\/IMG_20200911_171347-edited-1024x767.jpg 1024w, https:\/\/www.vanhoff.be\/wp-content\/uploads\/2020\/09\/IMG_20200911_171347-edited-300x225.jpg 300w, https:\/\/www.vanhoff.be\/wp-content\/uploads\/2020\/09\/IMG_20200911_171347-edited-768x575.jpg 768w, https:\/\/www.vanhoff.be\/wp-content\/uploads\/2020\/09\/IMG_20200911_171347-edited-1536x1150.jpg 1536w, https:\/\/www.vanhoff.be\/wp-content\/uploads\/2020\/09\/IMG_20200911_171347-edited-2048x1533.jpg 2048w\" sizes=\"(max-width: 1024px) 100vw, 1024px\" \/><\/figure>\r\n<\/li>\r\n<li class=\"blocks-gallery-item\">\r\n<figure><img decoding=\"async\" loading=\"lazy\" width=\"1024\" height=\"768\" class=\"wp-image-289 is-layout-flex wp-block-gallery-is-layout-flex\" src=\"http:\/\/www.vanhoff.be\/wp-content\/uploads\/2020\/09\/IMG_20200911_165946-1024x768.jpg\" alt=\"\" data-id=\"289\" data-full-url=\"http:\/\/www.vanhoff.be\/wp-content\/uploads\/2020\/09\/IMG_20200911_165946-scaled.jpg\" data-link=\"http:\/\/www.vanhoff.be\/index.php\/2020\/09\/03\/le-cas-de-septembre\/img_20200911_165946\/\" srcset=\"https:\/\/www.vanhoff.be\/wp-content\/uploads\/2020\/09\/IMG_20200911_165946-1024x768.jpg 1024w, https:\/\/www.vanhoff.be\/wp-content\/uploads\/2020\/09\/IMG_20200911_165946-300x225.jpg 300w, https:\/\/www.vanhoff.be\/wp-content\/uploads\/2020\/09\/IMG_20200911_165946-768x576.jpg 768w, https:\/\/www.vanhoff.be\/wp-content\/uploads\/2020\/09\/IMG_20200911_165946-1536x1152.jpg 1536w, https:\/\/www.vanhoff.be\/wp-content\/uploads\/2020\/09\/IMG_20200911_165946-2048x1536.jpg 2048w\" sizes=\"(max-width: 1024px) 100vw, 1024px\" \/><\/figure>\r\n<\/li>\r\n<\/ul>\r\n<\/figure>\r\n\r\n\r\n<hr class=\"wp-block-separator\" \/>\r\n\r\n\r\n<p><strong>MINOS<\/strong> : chat europ\u00e9en de 17 mois. Suite \u00e0 une bagarre entre chats, la propri\u00e9taire constate une petite plaie \u00e0 la patte ant\u00e9rieure droite de Minos, apparemment sans gravit\u00e9&#8230; Deux jours plus tard, la plaie devient suppurative et pr\u00e9sente un gonflement important n\u00e9cessitant la vidange de l&rsquo;abc\u00e8s sous anesth\u00e9sie, le d\u00e9bridage de la plaie et sa suture sous pansement.<\/p>\r\n\r\n\r\n\r\n<figure class=\"wp-block-gallery columns-3 is-cropped wp-block-gallery-6\">\r\n<ul class=\"blocks-gallery-grid\">\r\n<li class=\"blocks-gallery-item\">\r\n<figure><img decoding=\"async\" loading=\"lazy\" width=\"695\" height=\"1024\" class=\"wp-image-309\" src=\"http:\/\/www.vanhoff.be\/wp-content\/uploads\/2020\/09\/received_2688624808074452-695x1024.jpeg\" alt=\"\" data-id=\"309\" data-full-url=\"http:\/\/www.vanhoff.be\/wp-content\/uploads\/2020\/09\/received_2688624808074452-scaled.jpeg\" data-link=\"http:\/\/www.vanhoff.be\/received_2688624808074452\/\" srcset=\"https:\/\/www.vanhoff.be\/wp-content\/uploads\/2020\/09\/received_2688624808074452-695x1024.jpeg 695w, https:\/\/www.vanhoff.be\/wp-content\/uploads\/2020\/09\/received_2688624808074452-204x300.jpeg 204w, https:\/\/www.vanhoff.be\/wp-content\/uploads\/2020\/09\/received_2688624808074452-768x1131.jpeg 768w, https:\/\/www.vanhoff.be\/wp-content\/uploads\/2020\/09\/received_2688624808074452-1043x1536.jpeg 1043w, https:\/\/www.vanhoff.be\/wp-content\/uploads\/2020\/09\/received_2688624808074452-1391x2048.jpeg 1391w, https:\/\/www.vanhoff.be\/wp-content\/uploads\/2020\/09\/received_2688624808074452-scaled.jpeg 1738w\" sizes=\"(max-width: 695px) 100vw, 695px\" \/><\/figure>\r\n<\/li>\r\n<li class=\"blocks-gallery-item\">\r\n<figure><img decoding=\"async\" loading=\"lazy\" width=\"1024\" height=\"528\" class=\"wp-image-306\" src=\"http:\/\/www.vanhoff.be\/wp-content\/uploads\/2020\/09\/received_820017635197496-1024x528.jpeg\" alt=\"\" data-id=\"306\" data-full-url=\"http:\/\/www.vanhoff.be\/wp-content\/uploads\/2020\/09\/received_820017635197496.jpeg\" data-link=\"http:\/\/www.vanhoff.be\/received_820017635197496\/\" srcset=\"https:\/\/www.vanhoff.be\/wp-content\/uploads\/2020\/09\/received_820017635197496-1024x528.jpeg 1024w, https:\/\/www.vanhoff.be\/wp-content\/uploads\/2020\/09\/received_820017635197496-300x155.jpeg 300w, https:\/\/www.vanhoff.be\/wp-content\/uploads\/2020\/09\/received_820017635197496-768x396.jpeg 768w, https:\/\/www.vanhoff.be\/wp-content\/uploads\/2020\/09\/received_820017635197496-1536x792.jpeg 1536w, https:\/\/www.vanhoff.be\/wp-content\/uploads\/2020\/09\/received_820017635197496.jpeg 1920w\" sizes=\"(max-width: 1024px) 100vw, 1024px\" \/><\/figure>\r\n<\/li>\r\n<li class=\"blocks-gallery-item\">\r\n<figure><img decoding=\"async\" loading=\"lazy\" width=\"764\" height=\"1024\" class=\"wp-image-310 is-layout-flex wp-block-gallery-is-layout-flex\" src=\"http:\/\/www.vanhoff.be\/wp-content\/uploads\/2020\/09\/received_3244647808946355-764x1024.jpeg\" alt=\"\" data-id=\"310\" data-full-url=\"http:\/\/www.vanhoff.be\/wp-content\/uploads\/2020\/09\/received_3244647808946355-scaled.jpeg\" data-link=\"http:\/\/www.vanhoff.be\/received_3244647808946355\/\" srcset=\"https:\/\/www.vanhoff.be\/wp-content\/uploads\/2020\/09\/received_3244647808946355-764x1024.jpeg 764w, https:\/\/www.vanhoff.be\/wp-content\/uploads\/2020\/09\/received_3244647808946355-224x300.jpeg 224w, https:\/\/www.vanhoff.be\/wp-content\/uploads\/2020\/09\/received_3244647808946355-768x1030.jpeg 768w, https:\/\/www.vanhoff.be\/wp-content\/uploads\/2020\/09\/received_3244647808946355-1145x1536.jpeg 1145w, https:\/\/www.vanhoff.be\/wp-content\/uploads\/2020\/09\/received_3244647808946355-1527x2048.jpeg 1527w, https:\/\/www.vanhoff.be\/wp-content\/uploads\/2020\/09\/received_3244647808946355-scaled.jpeg 1909w\" sizes=\"(max-width: 764px) 100vw, 764px\" \/><\/figure>\r\n<\/li>\r\n<\/ul>\r\n<\/figure>\r\n\r\n\r\n\r\n<p>AB, AINS et placement d&rsquo;une collerette.<\/p>\r\n\r\n\r\n\r\n<figure class=\"wp-block-gallery columns-3 is-cropped wp-block-gallery-8\">\r\n<ul class=\"blocks-gallery-grid\">\r\n<li class=\"blocks-gallery-item\">\r\n<figure><img decoding=\"async\" loading=\"lazy\" width=\"1024\" height=\"765\" class=\"wp-image-307\" src=\"http:\/\/www.vanhoff.be\/wp-content\/uploads\/2020\/09\/received_966563377161149-1024x765.jpeg\" alt=\"\" data-id=\"307\" data-full-url=\"http:\/\/www.vanhoff.be\/wp-content\/uploads\/2020\/09\/received_966563377161149-scaled.jpeg\" data-link=\"http:\/\/www.vanhoff.be\/received_966563377161149\/\" srcset=\"https:\/\/www.vanhoff.be\/wp-content\/uploads\/2020\/09\/received_966563377161149-1024x765.jpeg 1024w, https:\/\/www.vanhoff.be\/wp-content\/uploads\/2020\/09\/received_966563377161149-300x224.jpeg 300w, https:\/\/www.vanhoff.be\/wp-content\/uploads\/2020\/09\/received_966563377161149-768x573.jpeg 768w, https:\/\/www.vanhoff.be\/wp-content\/uploads\/2020\/09\/received_966563377161149-1536x1147.jpeg 1536w, https:\/\/www.vanhoff.be\/wp-content\/uploads\/2020\/09\/received_966563377161149-2048x1529.jpeg 2048w\" sizes=\"(max-width: 1024px) 100vw, 1024px\" \/><\/figure>\r\n<\/li>\r\n<li class=\"blocks-gallery-item\">\r\n<figure><img decoding=\"async\" loading=\"lazy\" width=\"764\" height=\"1024\" class=\"wp-image-304\" src=\"http:\/\/www.vanhoff.be\/wp-content\/uploads\/2020\/09\/received_651652955757694-764x1024.jpeg\" alt=\"\" data-id=\"304\" data-full-url=\"http:\/\/www.vanhoff.be\/wp-content\/uploads\/2020\/09\/received_651652955757694-scaled.jpeg\" data-link=\"http:\/\/www.vanhoff.be\/received_651652955757694\/\" srcset=\"https:\/\/www.vanhoff.be\/wp-content\/uploads\/2020\/09\/received_651652955757694-764x1024.jpeg 764w, https:\/\/www.vanhoff.be\/wp-content\/uploads\/2020\/09\/received_651652955757694-224x300.jpeg 224w, https:\/\/www.vanhoff.be\/wp-content\/uploads\/2020\/09\/received_651652955757694-768x1030.jpeg 768w, https:\/\/www.vanhoff.be\/wp-content\/uploads\/2020\/09\/received_651652955757694-1145x1536.jpeg 1145w, https:\/\/www.vanhoff.be\/wp-content\/uploads\/2020\/09\/received_651652955757694-1527x2048.jpeg 1527w, https:\/\/www.vanhoff.be\/wp-content\/uploads\/2020\/09\/received_651652955757694-scaled.jpeg 1909w\" sizes=\"(max-width: 764px) 100vw, 764px\" \/><\/figure>\r\n<\/li>\r\n<li class=\"blocks-gallery-item\">\r\n<figure><img decoding=\"async\" loading=\"lazy\" width=\"768\" height=\"1024\" class=\"wp-image-317 is-layout-flex wp-block-gallery-is-layout-flex\" src=\"http:\/\/www.vanhoff.be\/wp-content\/uploads\/2020\/09\/Minos-abces-768x1024.jpg\" alt=\"\" data-id=\"317\" data-full-url=\"http:\/\/www.vanhoff.be\/wp-content\/uploads\/2020\/09\/Minos-abces.jpg\" data-link=\"http:\/\/www.vanhoff.be\/minos-abces\/\" srcset=\"https:\/\/www.vanhoff.be\/wp-content\/uploads\/2020\/09\/Minos-abces-768x1024.jpg 768w, https:\/\/www.vanhoff.be\/wp-content\/uploads\/2020\/09\/Minos-abces-225x300.jpg 225w, https:\/\/www.vanhoff.be\/wp-content\/uploads\/2020\/09\/Minos-abces-1152x1536.jpg 1152w, https:\/\/www.vanhoff.be\/wp-content\/uploads\/2020\/09\/Minos-abces.jpg 1536w\" sizes=\"(max-width: 768px) 100vw, 768px\" \/><\/figure>\r\n<\/li>\r\n<\/ul>\r\n<\/figure>\r\n","protected":false},"excerpt":{"rendered":"<p>CERISE : Chihuahua femelle, 7 ans, 3,5kg, st\u00e9rilis\u00e9e. Confront\u00e9e r\u00e9guli\u00e8rement \u00e0 une abc\u00e9dation s\u00e9v\u00e8re des glandes anales, Cerise est op\u00e9r\u00e9e ce mardi. L&rsquo;ablation des glandes est r\u00e9alis\u00e9e sous anesth\u00e9sie par voie syst\u00e9mique (propofol +fentanyl) et gazeuse (O2 + Isoflurane) sans risque, ni douleur pour la petite patiente d\u00e9j\u00e0 \u00e2g\u00e9e. &nbsp; &nbsp; &nbsp; GLADYS : Kerry [&hellip;]<\/p>\n","protected":false},"author":2,"featured_media":0,"comment_status":"closed","ping_status":"closed","sticky":false,"template":"","format":"standard","meta":{"advgb_blocks_editor_width":"","advgb_blocks_columns_visual_guide":"","footnotes":""},"categories":[3],"tags":[],"author_meta":{"display_name":"Daniel Vanhoff","author_link":"https:\/\/www.vanhoff.be\/index.php\/author\/dvanhoff\/"},"featured_img":null,"_links":{"self":[{"href":"https:\/\/www.vanhoff.be\/index.php\/wp-json\/wp\/v2\/posts\/148"}],"collection":[{"href":"https:\/\/www.vanhoff.be\/index.php\/wp-json\/wp\/v2\/posts"}],"about":[{"href":"https:\/\/www.vanhoff.be\/index.php\/wp-json\/wp\/v2\/types\/post"}],"author":[{"embeddable":true,"href":"https:\/\/www.vanhoff.be\/index.php\/wp-json\/wp\/v2\/users\/2"}],"replies":[{"embeddable":true,"href":"https:\/\/www.vanhoff.be\/index.php\/wp-json\/wp\/v2\/comments?post=148"}],"version-history":[{"count":24,"href":"https:\/\/www.vanhoff.be\/index.php\/wp-json\/wp\/v2\/posts\/148\/revisions"}],"predecessor-version":[{"id":452,"href":"https:\/\/www.vanhoff.be\/index.php\/wp-json\/wp\/v2\/posts\/148\/revisions\/452"}],"wp:attachment":[{"href":"https:\/\/www.vanhoff.be\/index.php\/wp-json\/wp\/v2\/media?parent=148"}],"wp:term":[{"taxonomy":"category","embeddable":true,"href":"https:\/\/www.vanhoff.be\/index.php\/wp-json\/wp\/v2\/categories?post=148"},{"taxonomy":"post_tag","embeddable":true,"href":"https:\/\/www.vanhoff.be\/index.php\/wp-json\/wp\/v2\/tags?post=148"}],"curies":[{"name":"wp","href":"https:\/\/api.w.org\/{rel}","templated":true}]}}