{"id":580,"date":"2021-03-15T14:46:35","date_gmt":"2021-03-15T13:46:35","guid":{"rendered":"https:\/\/www.vanhoff.be\/?p=580"},"modified":"2021-03-15T14:46:35","modified_gmt":"2021-03-15T13:46:35","slug":"mars","status":"publish","type":"post","link":"https:\/\/www.vanhoff.be\/index.php\/2021\/03\/15\/mars\/","title":{"rendered":"Mars"},"content":{"rendered":"<p>&nbsp;<\/p>\n<p><img decoding=\"async\" loading=\"lazy\" class=\"alignnone  wp-image-581\" src=\"https:\/\/www.vanhoff.be\/wp-content\/uploads\/2021\/03\/Marcus-225x300.jpg\" alt=\"\" width=\"207\" height=\"276\" srcset=\"https:\/\/www.vanhoff.be\/wp-content\/uploads\/2021\/03\/Marcus-225x300.jpg 225w, https:\/\/www.vanhoff.be\/wp-content\/uploads\/2021\/03\/Marcus-768x1024.jpg 768w, https:\/\/www.vanhoff.be\/wp-content\/uploads\/2021\/03\/Marcus-1152x1536.jpg 1152w, https:\/\/www.vanhoff.be\/wp-content\/uploads\/2021\/03\/Marcus-1536x2048.jpg 1536w, https:\/\/www.vanhoff.be\/wp-content\/uploads\/2021\/03\/Marcus-scaled.jpg 1920w\" sizes=\"(max-width: 207px) 100vw, 207px\" \/> <img decoding=\"async\" loading=\"lazy\" class=\"alignnone  wp-image-573\" src=\"https:\/\/www.vanhoff.be\/wp-content\/uploads\/2021\/03\/Libela-300x275.jpg\" alt=\"\" width=\"345\" height=\"316\" srcset=\"https:\/\/www.vanhoff.be\/wp-content\/uploads\/2021\/03\/Libela-300x275.jpg 300w, https:\/\/www.vanhoff.be\/wp-content\/uploads\/2021\/03\/Libela-1024x937.jpg 1024w, https:\/\/www.vanhoff.be\/wp-content\/uploads\/2021\/03\/Libela-768x703.jpg 768w, https:\/\/www.vanhoff.be\/wp-content\/uploads\/2021\/03\/Libela-1536x1406.jpg 1536w, https:\/\/www.vanhoff.be\/wp-content\/uploads\/2021\/03\/Libela-2048x1875.jpg 2048w\" sizes=\"(max-width: 345px) 100vw, 345px\" \/><\/p>\n<p>Pour ce mois de mars c&rsquo;est notre vieux Marcus qui est choisi pour faire la une de la rubrique. Ce brave art\u00e9sien normand, \u00e2g\u00e9 de 14 ans souffre d&rsquo;arthrose et a vraiment difficile de se lever depuis quelques semaines. Dans la rubrique\u00a0 \u00a0 \u00a0 \u00a0 <em>\u00a0\u00ab\u00a0Le saviez-vous\u00a0\u00bb\u00a0 <\/em>de ce mois, j&rsquo;ai fait allusion \u00e0 un nouveau produit, le<strong> Librela <\/strong>de chez Zoetis, innovant par sa composition. Marcus a re\u00e7u une injection de ce produit innovant et il va mieux. Esp\u00e9rons que cette am\u00e9lioration perdure et que notre Marcus puisse reprendre sa peine activit\u00e9&#8230;<\/p>\n<p>&nbsp;<\/p>\n","protected":false},"excerpt":{"rendered":"<p>&nbsp; Pour ce mois de mars c&rsquo;est notre vieux Marcus qui est choisi pour faire la une de la rubrique. Ce brave art\u00e9sien normand, \u00e2g\u00e9 de 14 ans souffre d&rsquo;arthrose et a vraiment difficile de se lever depuis quelques semaines. Dans la rubrique\u00a0 \u00a0 \u00a0 \u00a0 \u00a0\u00ab\u00a0Le saviez-vous\u00a0\u00bb\u00a0 de ce mois, j&rsquo;ai fait allusion \u00e0 [&hellip;]<\/p>\n","protected":false},"author":2,"featured_media":0,"comment_status":"closed","ping_status":"closed","sticky":false,"template":"","format":"standard","meta":{"advgb_blocks_editor_width":"","advgb_blocks_columns_visual_guide":"","footnotes":""},"categories":[3],"tags":[],"author_meta":{"display_name":"Daniel Vanhoff","author_link":"https:\/\/www.vanhoff.be\/index.php\/author\/dvanhoff\/"},"featured_img":null,"_links":{"self":[{"href":"https:\/\/www.vanhoff.be\/index.php\/wp-json\/wp\/v2\/posts\/580"}],"collection":[{"href":"https:\/\/www.vanhoff.be\/index.php\/wp-json\/wp\/v2\/posts"}],"about":[{"href":"https:\/\/www.vanhoff.be\/index.php\/wp-json\/wp\/v2\/types\/post"}],"author":[{"embeddable":true,"href":"https:\/\/www.vanhoff.be\/index.php\/wp-json\/wp\/v2\/users\/2"}],"replies":[{"embeddable":true,"href":"https:\/\/www.vanhoff.be\/index.php\/wp-json\/wp\/v2\/comments?post=580"}],"version-history":[{"count":1,"href":"https:\/\/www.vanhoff.be\/index.php\/wp-json\/wp\/v2\/posts\/580\/revisions"}],"predecessor-version":[{"id":582,"href":"https:\/\/www.vanhoff.be\/index.php\/wp-json\/wp\/v2\/posts\/580\/revisions\/582"}],"wp:attachment":[{"href":"https:\/\/www.vanhoff.be\/index.php\/wp-json\/wp\/v2\/media?parent=580"}],"wp:term":[{"taxonomy":"category","embeddable":true,"href":"https:\/\/www.vanhoff.be\/index.php\/wp-json\/wp\/v2\/categories?post=580"},{"taxonomy":"post_tag","embeddable":true,"href":"https:\/\/www.vanhoff.be\/index.php\/wp-json\/wp\/v2\/tags?post=580"}],"curies":[{"name":"wp","href":"https:\/\/api.w.org\/{rel}","templated":true}]}}